{"id":625,"date":"2014-02-20T10:47:40","date_gmt":"2014-02-20T13:47:40","guid":{"rendered":"http:\/\/gpaq.relevantes.com.br\/?p=625"},"modified":"2015-03-08T01:39:16","modified_gmt":"2015-03-08T04:39:16","slug":"rodrigo-siqueira-reis-participou-do-iii-forum-mundial-da-bicicleta-a-cidade-em-equilibrio","status":"publish","type":"post","link":"https:\/\/gpaq.com.br\/?p=625","title":{"rendered":"Rodrigo Siqueira Reis participou do III F\u00f3rum Mundial da Bicicleta &#8211; A cidade em equil\u00edbrio"},"content":{"rendered":"<p>O F\u00f3rum de Bicicleta aconteceu entre os dias 13 e 16 de fevereiro na cidade de Curitiba \u2013 PR. Domingo (16\/02), Rodrigo Siqueira Reis, l\u00edder do Grupo de Pesquisa em Atividade F\u00edsica e Qualidade de Vida \u2013 GPAQ, participou de uma mesa de discuss\u00f5es sobre bicicleta no Painel Sa\u00fade.<\/p>\n<p>Reis falou sobre \u201cFatores individuais, sociais e ambientais associados ao uso de bicicleta\u201d, compartilhou esta mesa com mais dois pesquisadores da \u00e1rea Thiago Herick de S\u00e1 (S\u00e3o Paulo) e Olga Lucia Sarmiento (Bogot\u00e1).<\/p>\n","protected":false},"excerpt":{"rendered":"<p>O F\u00f3rum de Bicicleta aconteceu entre os dias 13 e 16 de fevereiro na cidade de Curitiba \u2013 PR. Domingo (16\/02), Rodrigo Siqueira Reis, l\u00edder do Grupo de Pesquisa em Atividade F\u00edsica e Qualidade de Vida \u2013 GPAQ, participou de uma mesa de discuss\u00f5es sobre bicicleta no Painel Sa\u00fade. Reis falou sobre \u201cFatores individuais, sociais [&hellip;]<\/p>\n","protected":false},"author":3,"featured_media":626,"comment_status":"closed","ping_status":"closed","sticky":false,"template":"","format":"standard","meta":{"_et_pb_use_builder":"","_et_pb_old_content":"","footnotes":""},"categories":[23],"tags":[],"class_list":["post-625","post","type-post","status-publish","format-standard","has-post-thumbnail","hentry","category-noticias"],"_links":{"self":[{"href":"https:\/\/gpaq.com.br\/index.php?rest_route=\/wp\/v2\/posts\/625","targetHints":{"allow":["GET"]}}],"collection":[{"href":"https:\/\/gpaq.com.br\/index.php?rest_route=\/wp\/v2\/posts"}],"about":[{"href":"https:\/\/gpaq.com.br\/index.php?rest_route=\/wp\/v2\/types\/post"}],"author":[{"embeddable":true,"href":"https:\/\/gpaq.com.br\/index.php?rest_route=\/wp\/v2\/users\/3"}],"replies":[{"embeddable":true,"href":"https:\/\/gpaq.com.br\/index.php?rest_route=%2Fwp%2Fv2%2Fcomments&post=625"}],"version-history":[{"count":0,"href":"https:\/\/gpaq.com.br\/index.php?rest_route=\/wp\/v2\/posts\/625\/revisions"}],"wp:featuredmedia":[{"embeddable":true,"href":"https:\/\/gpaq.com.br\/index.php?rest_route=\/wp\/v2\/media\/626"}],"wp:attachment":[{"href":"https:\/\/gpaq.com.br\/index.php?rest_route=%2Fwp%2Fv2%2Fmedia&parent=625"}],"wp:term":[{"taxonomy":"category","embeddable":true,"href":"https:\/\/gpaq.com.br\/index.php?rest_route=%2Fwp%2Fv2%2Fcategories&post=625"},{"taxonomy":"post_tag","embeddable":true,"href":"https:\/\/gpaq.com.br\/index.php?rest_route=%2Fwp%2Fv2%2Ftags&post=625"}],"curies":[{"name":"wp","href":"https:\/\/api.w.org\/{rel}","templated":true}]}}