{"id":2853,"date":"2019-09-09T17:17:19","date_gmt":"2019-09-09T20:17:19","guid":{"rendered":"https:\/\/gpaq.com.br\/?p=2853"},"modified":"2019-09-10T10:21:11","modified_gmt":"2019-09-10T13:21:11","slug":"workshop-temuco-chile","status":"publish","type":"post","link":"https:\/\/gpaq.com.br\/?p=2853","title":{"rendered":"Workshop Temuco &#8211; Chile"},"content":{"rendered":"\n<p>Entre os dias 01 a 04 de setembro, integrantes do GPAQ estiveram com o grupo UFRO Act\u00edvate, coordenado pelo professor Dr. Nicol\u00e1s Aguilar-Farias, da Universidad de La Frontera (UFRO), em Temuco &#8211; Chile.<\/p>\n\n\n\n<ul class=\"wp-block-gallery aligncenter columns-3 is-cropped wp-block-gallery-1 is-layout-flex wp-block-gallery-is-layout-flex\"><li class=\"blocks-gallery-item\"><figure><img loading=\"lazy\" decoding=\"async\" width=\"888\" height=\"666\" src=\"https:\/\/gpaq.com.br\/wp-content\/uploads\/2019\/09\/WhatsApp-Image-2019-09-09-at-14.08.59-18-2.jpeg\" alt=\"\" data-id=\"2861\" data-link=\"https:\/\/gpaq.com.br\/?attachment_id=2861\" class=\"wp-image-2861\" srcset=\"https:\/\/gpaq.com.br\/wp-content\/uploads\/2019\/09\/WhatsApp-Image-2019-09-09-at-14.08.59-18-2.jpeg 888w, https:\/\/gpaq.com.br\/wp-content\/uploads\/2019\/09\/WhatsApp-Image-2019-09-09-at-14.08.59-18-2-300x225.jpeg 300w, https:\/\/gpaq.com.br\/wp-content\/uploads\/2019\/09\/WhatsApp-Image-2019-09-09-at-14.08.59-18-2-768x576.jpeg 768w, https:\/\/gpaq.com.br\/wp-content\/uploads\/2019\/09\/WhatsApp-Image-2019-09-09-at-14.08.59-18-2-510x382.jpeg 510w\" sizes=\"auto, (max-width: 888px) 100vw, 888px\" \/><\/figure><\/li><li class=\"blocks-gallery-item\"><figure><img loading=\"lazy\" decoding=\"async\" width=\"911\" height=\"682\" src=\"https:\/\/gpaq.com.br\/wp-content\/uploads\/2019\/09\/19372dee-e4ce-41c9-86fc-b2454f5da8e1-2.jpg\" alt=\"\" data-id=\"2862\" data-link=\"https:\/\/gpaq.com.br\/?attachment_id=2862\" class=\"wp-image-2862\" srcset=\"https:\/\/gpaq.com.br\/wp-content\/uploads\/2019\/09\/19372dee-e4ce-41c9-86fc-b2454f5da8e1-2.jpg 911w, https:\/\/gpaq.com.br\/wp-content\/uploads\/2019\/09\/19372dee-e4ce-41c9-86fc-b2454f5da8e1-2-300x225.jpg 300w, https:\/\/gpaq.com.br\/wp-content\/uploads\/2019\/09\/19372dee-e4ce-41c9-86fc-b2454f5da8e1-2-768x575.jpg 768w, https:\/\/gpaq.com.br\/wp-content\/uploads\/2019\/09\/19372dee-e4ce-41c9-86fc-b2454f5da8e1-2-510x382.jpg 510w\" sizes=\"auto, (max-width: 911px) 100vw, 911px\" \/><\/figure><\/li><li class=\"blocks-gallery-item\"><figure><img loading=\"lazy\" decoding=\"async\" width=\"847\" height=\"635\" src=\"https:\/\/gpaq.com.br\/wp-content\/uploads\/2019\/09\/WhatsApp-Image-2019-09-09-at-14.08.59-15.jpeg\" alt=\"\" data-id=\"2863\" data-link=\"https:\/\/gpaq.com.br\/?attachment_id=2863\" class=\"wp-image-2863\" srcset=\"https:\/\/gpaq.com.br\/wp-content\/uploads\/2019\/09\/WhatsApp-Image-2019-09-09-at-14.08.59-15.jpeg 847w, https:\/\/gpaq.com.br\/wp-content\/uploads\/2019\/09\/WhatsApp-Image-2019-09-09-at-14.08.59-15-300x225.jpeg 300w, https:\/\/gpaq.com.br\/wp-content\/uploads\/2019\/09\/WhatsApp-Image-2019-09-09-at-14.08.59-15-768x576.jpeg 768w, https:\/\/gpaq.com.br\/wp-content\/uploads\/2019\/09\/WhatsApp-Image-2019-09-09-at-14.08.59-15-510x382.jpeg 510w\" sizes=\"auto, (max-width: 847px) 100vw, 847px\" \/><\/figure><\/li><li class=\"blocks-gallery-item\"><figure><img loading=\"lazy\" decoding=\"async\" width=\"852\" height=\"639\" src=\"https:\/\/gpaq.com.br\/wp-content\/uploads\/2019\/09\/WhatsApp-Image-2019-09-09-at-14.08.59-2-1.jpeg\" alt=\"\" data-id=\"2864\" data-link=\"https:\/\/gpaq.com.br\/?attachment_id=2864\" class=\"wp-image-2864\" srcset=\"https:\/\/gpaq.com.br\/wp-content\/uploads\/2019\/09\/WhatsApp-Image-2019-09-09-at-14.08.59-2-1.jpeg 852w, https:\/\/gpaq.com.br\/wp-content\/uploads\/2019\/09\/WhatsApp-Image-2019-09-09-at-14.08.59-2-1-300x225.jpeg 300w, https:\/\/gpaq.com.br\/wp-content\/uploads\/2019\/09\/WhatsApp-Image-2019-09-09-at-14.08.59-2-1-768x576.jpeg 768w, https:\/\/gpaq.com.br\/wp-content\/uploads\/2019\/09\/WhatsApp-Image-2019-09-09-at-14.08.59-2-1-510x382.jpeg 510w\" sizes=\"auto, (max-width: 852px) 100vw, 852px\" \/><\/figure><\/li><\/ul>\n\n\n\n<p>No laborat\u00f3rio UFRO Act\u00edvate foram apresentados e discutidos os resultados do projeto de coopera\u00e7\u00e3o internacional <strong>Cidades Latino Americanas para o Envelhecimento Saud\u00e1vel<\/strong>. O projeto de coopera\u00e7\u00e3o entre a <strong>PUCPR <\/strong>e <strong>UFRO,<\/strong> teve dura\u00e7\u00e3o de dois anos e foi coordenado pelos professores Adriano Akira F. Hino e Nicolas Aguilar-Farias com financiamento do CNPq e CONICYT. Compreender o papel da organiza\u00e7\u00e3o das cidades no comportamento saud\u00e1ve de idosos e capacitar novos pesquisadores no desenvolvimento de pesquisas nesta tem\u00e1tica s\u00e3o os principais objetivos do estudo. <\/p>\n\n\n\n<ul class=\"wp-block-gallery aligncenter columns-3 is-cropped wp-block-gallery-2 is-layout-flex wp-block-gallery-is-layout-flex\"><li class=\"blocks-gallery-item\"><figure><img loading=\"lazy\" decoding=\"async\" width=\"768\" height=\"576\" src=\"https:\/\/gpaq.com.br\/wp-content\/uploads\/2019\/09\/WhatsApp-Image-2019-09-09-at-14.08.59-23-1.jpeg\" alt=\"\" data-id=\"2865\" data-link=\"https:\/\/gpaq.com.br\/?attachment_id=2865\" class=\"wp-image-2865\" srcset=\"https:\/\/gpaq.com.br\/wp-content\/uploads\/2019\/09\/WhatsApp-Image-2019-09-09-at-14.08.59-23-1.jpeg 768w, https:\/\/gpaq.com.br\/wp-content\/uploads\/2019\/09\/WhatsApp-Image-2019-09-09-at-14.08.59-23-1-300x225.jpeg 300w, https:\/\/gpaq.com.br\/wp-content\/uploads\/2019\/09\/WhatsApp-Image-2019-09-09-at-14.08.59-23-1-510x382.jpeg 510w\" sizes=\"auto, (max-width: 768px) 100vw, 768px\" \/><\/figure><\/li><li class=\"blocks-gallery-item\"><figure><img loading=\"lazy\" decoding=\"async\" width=\"905\" height=\"678\" src=\"https:\/\/gpaq.com.br\/wp-content\/uploads\/2019\/09\/WhatsApp-Image-2019-09-09-at-14.08.59-27.jpeg\" alt=\"\" data-id=\"2866\" data-link=\"https:\/\/gpaq.com.br\/?attachment_id=2866\" class=\"wp-image-2866\" srcset=\"https:\/\/gpaq.com.br\/wp-content\/uploads\/2019\/09\/WhatsApp-Image-2019-09-09-at-14.08.59-27.jpeg 905w, https:\/\/gpaq.com.br\/wp-content\/uploads\/2019\/09\/WhatsApp-Image-2019-09-09-at-14.08.59-27-300x225.jpeg 300w, https:\/\/gpaq.com.br\/wp-content\/uploads\/2019\/09\/WhatsApp-Image-2019-09-09-at-14.08.59-27-768x575.jpeg 768w, https:\/\/gpaq.com.br\/wp-content\/uploads\/2019\/09\/WhatsApp-Image-2019-09-09-at-14.08.59-27-510x382.jpeg 510w\" sizes=\"auto, (max-width: 905px) 100vw, 905px\" \/><\/figure><\/li><li class=\"blocks-gallery-item\"><figure><img loading=\"lazy\" decoding=\"async\" width=\"987\" height=\"740\" src=\"https:\/\/gpaq.com.br\/wp-content\/uploads\/2019\/09\/WhatsApp-Image-2019-09-09-at-14.08.59-25.jpeg\" alt=\"\" data-id=\"2867\" data-link=\"https:\/\/gpaq.com.br\/?attachment_id=2867\" class=\"wp-image-2867\" srcset=\"https:\/\/gpaq.com.br\/wp-content\/uploads\/2019\/09\/WhatsApp-Image-2019-09-09-at-14.08.59-25.jpeg 987w, https:\/\/gpaq.com.br\/wp-content\/uploads\/2019\/09\/WhatsApp-Image-2019-09-09-at-14.08.59-25-300x225.jpeg 300w, https:\/\/gpaq.com.br\/wp-content\/uploads\/2019\/09\/WhatsApp-Image-2019-09-09-at-14.08.59-25-768x576.jpeg 768w, https:\/\/gpaq.com.br\/wp-content\/uploads\/2019\/09\/WhatsApp-Image-2019-09-09-at-14.08.59-25-510x382.jpeg 510w\" sizes=\"auto, (max-width: 987px) 100vw, 987px\" \/><\/figure><\/li><li class=\"blocks-gallery-item\"><figure><img loading=\"lazy\" decoding=\"async\" width=\"730\" height=\"547\" src=\"https:\/\/gpaq.com.br\/wp-content\/uploads\/2019\/09\/WhatsApp-Image-2019-09-09-at-14.08.59-22.jpeg\" alt=\"\" data-id=\"2868\" data-link=\"https:\/\/gpaq.com.br\/?attachment_id=2868\" class=\"wp-image-2868\" srcset=\"https:\/\/gpaq.com.br\/wp-content\/uploads\/2019\/09\/WhatsApp-Image-2019-09-09-at-14.08.59-22.jpeg 730w, https:\/\/gpaq.com.br\/wp-content\/uploads\/2019\/09\/WhatsApp-Image-2019-09-09-at-14.08.59-22-300x225.jpeg 300w, https:\/\/gpaq.com.br\/wp-content\/uploads\/2019\/09\/WhatsApp-Image-2019-09-09-at-14.08.59-22-510x382.jpeg 510w\" sizes=\"auto, (max-width: 730px) 100vw, 730px\" \/><\/figure><\/li><\/ul>\n\n\n\n<p>Nos dias 05 e 06 foram realizadas reuni\u00f5es no campus da Universidad de La Frontera em Puc\u00f3n, Chile, nas quais foram elaboradas propostas de trabalhos de coopera\u00e7\u00e3o entre as duas cidades.<\/p>\n","protected":false},"excerpt":{"rendered":"<p>Entre os dias 01 e 07 de setembro, integrantes do GPAQ estiveram no Chile com o grupo UFRO Act\u00edvate, coordenado pelo professor Dr. N\u00edcolas Aguilar-Farias, da Universidad de La Frontera, em Temuco.<\/p>\n","protected":false},"author":4,"featured_media":2854,"comment_status":"open","ping_status":"open","sticky":true,"template":"","format":"standard","meta":{"_et_pb_use_builder":"off","_et_pb_old_content":"<!-- wp:paragraph -->\n<p>Entre os dias 01 a 04 de setembro, integrantes do GPAQ estiveram com o grupo UFRO Act\u00edvate, coordenado pelo professor Dr. Nicol\u00e1s Aguilar-Farias, da Universidad de La Frontera, em Temuco, Chile.<\/p>\n<!-- \/wp:paragraph -->\n\n<!-- wp:gallery {\"ids\":[2861,2862,2863,2864],\"align\":\"center\"} -->\n<ul class=\"wp-block-gallery aligncenter columns-3 is-cropped\"><li class=\"blocks-gallery-item\"><figure><img src=\"https:\/\/gpaq.com.br\/wp-content\/uploads\/2019\/09\/WhatsApp-Image-2019-09-09-at-14.08.59-18-2.jpeg\" alt=\"\" data-id=\"2861\" data-link=\"https:\/\/gpaq.com.br\/?attachment_id=2861\" class=\"wp-image-2861\"\/><\/figure><\/li><li class=\"blocks-gallery-item\"><figure><img src=\"https:\/\/gpaq.com.br\/wp-content\/uploads\/2019\/09\/19372dee-e4ce-41c9-86fc-b2454f5da8e1-2.jpg\" alt=\"\" data-id=\"2862\" data-link=\"https:\/\/gpaq.com.br\/?attachment_id=2862\" class=\"wp-image-2862\"\/><\/figure><\/li><li class=\"blocks-gallery-item\"><figure><img src=\"https:\/\/gpaq.com.br\/wp-content\/uploads\/2019\/09\/WhatsApp-Image-2019-09-09-at-14.08.59-15.jpeg\" alt=\"\" data-id=\"2863\" data-link=\"https:\/\/gpaq.com.br\/?attachment_id=2863\" class=\"wp-image-2863\"\/><\/figure><\/li><li class=\"blocks-gallery-item\"><figure><img src=\"https:\/\/gpaq.com.br\/wp-content\/uploads\/2019\/09\/WhatsApp-Image-2019-09-09-at-14.08.59-2-1.jpeg\" alt=\"\" data-id=\"2864\" data-link=\"https:\/\/gpaq.com.br\/?attachment_id=2864\" class=\"wp-image-2864\"\/><\/figure><\/li><\/ul>\n<!-- \/wp:gallery -->\n\n<!-- wp:paragraph -->\n<p>No laborat\u00f3rio do UFRO Act\u00edvate foram apresentados e discutidos os resultados do projeto de coopera\u00e7\u00e3o internacional <strong>Cidades Latino Americanas para o Envelhecimento Saud\u00e1vel<\/strong>. Os integrantes discutiram as diferen\u00e7as dos estudos voltados ao ambiente e atividade f\u00edsica entre Curitiba e Temuco.<\/p>\n<!-- \/wp:paragraph -->\n\n<!-- wp:gallery {\"ids\":[2865,2866,2867,2868],\"align\":\"center\"} -->\n<ul class=\"wp-block-gallery aligncenter columns-3 is-cropped\"><li class=\"blocks-gallery-item\"><figure><img src=\"https:\/\/gpaq.com.br\/wp-content\/uploads\/2019\/09\/WhatsApp-Image-2019-09-09-at-14.08.59-23-1.jpeg\" alt=\"\" data-id=\"2865\" data-link=\"https:\/\/gpaq.com.br\/?attachment_id=2865\" class=\"wp-image-2865\"\/><\/figure><\/li><li class=\"blocks-gallery-item\"><figure><img src=\"https:\/\/gpaq.com.br\/wp-content\/uploads\/2019\/09\/WhatsApp-Image-2019-09-09-at-14.08.59-27.jpeg\" alt=\"\" data-id=\"2866\" data-link=\"https:\/\/gpaq.com.br\/?attachment_id=2866\" class=\"wp-image-2866\"\/><\/figure><\/li><li class=\"blocks-gallery-item\"><figure><img src=\"https:\/\/gpaq.com.br\/wp-content\/uploads\/2019\/09\/WhatsApp-Image-2019-09-09-at-14.08.59-25.jpeg\" alt=\"\" data-id=\"2867\" data-link=\"https:\/\/gpaq.com.br\/?attachment_id=2867\" class=\"wp-image-2867\"\/><\/figure><\/li><li class=\"blocks-gallery-item\"><figure><img src=\"https:\/\/gpaq.com.br\/wp-content\/uploads\/2019\/09\/WhatsApp-Image-2019-09-09-at-14.08.59-22.jpeg\" alt=\"\" data-id=\"2868\" data-link=\"https:\/\/gpaq.com.br\/?attachment_id=2868\" class=\"wp-image-2868\"\/><\/figure><\/li><\/ul>\n<!-- \/wp:gallery -->\n\n<!-- wp:paragraph -->\n<p>Nos dias 05 e 06 foram realizadas reuni\u00f5es no campus da Universidad de La Frontera em Puc\u00f3n, Chile, nas quais foram elaboradas propostas de trabalhos de coopera\u00e7\u00e3o entre as duas cidades.<\/p>\n<!-- \/wp:paragraph -->","footnotes":""},"categories":[23],"tags":[],"class_list":["post-2853","post","type-post","status-publish","format-standard","has-post-thumbnail","hentry","category-noticias"],"_links":{"self":[{"href":"https:\/\/gpaq.com.br\/index.php?rest_route=\/wp\/v2\/posts\/2853","targetHints":{"allow":["GET"]}}],"collection":[{"href":"https:\/\/gpaq.com.br\/index.php?rest_route=\/wp\/v2\/posts"}],"about":[{"href":"https:\/\/gpaq.com.br\/index.php?rest_route=\/wp\/v2\/types\/post"}],"author":[{"embeddable":true,"href":"https:\/\/gpaq.com.br\/index.php?rest_route=\/wp\/v2\/users\/4"}],"replies":[{"embeddable":true,"href":"https:\/\/gpaq.com.br\/index.php?rest_route=%2Fwp%2Fv2%2Fcomments&post=2853"}],"version-history":[{"count":5,"href":"https:\/\/gpaq.com.br\/index.php?rest_route=\/wp\/v2\/posts\/2853\/revisions"}],"predecessor-version":[{"id":2884,"href":"https:\/\/gpaq.com.br\/index.php?rest_route=\/wp\/v2\/posts\/2853\/revisions\/2884"}],"wp:featuredmedia":[{"embeddable":true,"href":"https:\/\/gpaq.com.br\/index.php?rest_route=\/wp\/v2\/media\/2854"}],"wp:attachment":[{"href":"https:\/\/gpaq.com.br\/index.php?rest_route=%2Fwp%2Fv2%2Fmedia&parent=2853"}],"wp:term":[{"taxonomy":"category","embeddable":true,"href":"https:\/\/gpaq.com.br\/index.php?rest_route=%2Fwp%2Fv2%2Fcategories&post=2853"},{"taxonomy":"post_tag","embeddable":true,"href":"https:\/\/gpaq.com.br\/index.php?rest_route=%2Fwp%2Fv2%2Ftags&post=2853"}],"curies":[{"name":"wp","href":"https:\/\/api.w.org\/{rel}","templated":true}]}}