{"id":1933,"date":"2016-08-15T15:19:07","date_gmt":"2016-08-15T18:19:07","guid":{"rendered":"http:\/\/gpaq.com.br\/?p=1933"},"modified":"2016-11-01T15:35:24","modified_gmt":"2016-11-01T17:35:24","slug":"manifesto-sobre-formacao-em-educacao-fisica-para-atuacao-no-setor-saude","status":"publish","type":"post","link":"https:\/\/gpaq.com.br\/?p=1933","title":{"rendered":"\u00a0MANIFESTO SOBRE FORMA\u00c7\u00c3O EM EDUCA\u00c7\u00c3O F\u00cdSICA PARA ATUA\u00c7\u00c3O NO SETOR SA\u00daDE"},"content":{"rendered":"<p>Os\u00a0pesquisadores Adalberto Lopes, Alex Florindo, Douglas Andrade, Leandro Garcia, Lisandra Konrad, Rog\u00e9rio Fermino e Wallacy Feitosa redigiram o manifesto da ABENEFS, que foi publicado na Revista Brasileira de Atividade F\u00edsica e Sa\u00fade (RBAFS).<\/p>\n<p>O documento, ALINHANDO A FORMA\u00c7\u00c3O INICIAL EM EDUCA\u00c7\u00c3O F\u00cdSICA \u00c0S NECESSIDADES DO SETOR SA\u00daDE, tem por objetivo contribuir com sugest\u00f5es para que os cursos superiores de Educa\u00e7\u00e3o F\u00edsica, seus docentes, profissionais de servi\u00e7os de sa\u00fade e a pr\u00f3pria ABENEFS ampliem e potencializem seus esfor\u00e7os na forma\u00e7\u00e3o inicial de estudantes de Educa\u00e7\u00e3o F\u00edsica para atuarem no setor sa\u00fade.<\/p>\n<p>A ABENEFS &#8211; Associa\u00e7\u00e3o Brasileira de Ensino da Educa\u00e7\u00e3o F\u00edsica para a Sa\u00fade \u00e9 um \u00f3rg\u00e3o que tem por miss\u00e3o contribuir para a integralidade do ensino da sa\u00fade na forma\u00e7\u00e3o inicial e continuada de bachar\u00e9is em Educa\u00e7\u00e3o F\u00edsica no Brasil.<\/p>\n<p>Para baixar o documento na integra acesse: <a href=\"https:\/\/periodicos.ufpel.edu.br\/ojs2\/index.php\/RBAFS\/article\/view\/7897\/5920\">https:\/\/periodicos.ufpel.edu.br\/ojs2\/index.php\/RBAFS\/article\/view\/7897\/5920<\/a><\/p>\n","protected":false},"excerpt":{"rendered":"<p>Os\u00a0pesquisadores Adalberto Lopes, Alex Florindo, Douglas Andrade, Leandro Garcia, Lisandra Konrad, Rog\u00e9rio Fermino e Wallacy Feitosa redigiram o manifesto da ABENEFS, que foi publicado na Revista Brasileira de Atividade F\u00edsica e Sa\u00fade (RBAFS). O documento, ALINHANDO A FORMA\u00c7\u00c3O INICIAL EM EDUCA\u00c7\u00c3O F\u00cdSICA \u00c0S NECESSIDADES DO SETOR SA\u00daDE, tem por objetivo contribuir com sugest\u00f5es para que [&hellip;]<\/p>\n","protected":false},"author":4,"featured_media":0,"comment_status":"open","ping_status":"open","sticky":false,"template":"","format":"standard","meta":{"_et_pb_use_builder":"","_et_pb_old_content":"","footnotes":""},"categories":[23],"tags":[],"class_list":["post-1933","post","type-post","status-publish","format-standard","hentry","category-noticias"],"_links":{"self":[{"href":"https:\/\/gpaq.com.br\/index.php?rest_route=\/wp\/v2\/posts\/1933","targetHints":{"allow":["GET"]}}],"collection":[{"href":"https:\/\/gpaq.com.br\/index.php?rest_route=\/wp\/v2\/posts"}],"about":[{"href":"https:\/\/gpaq.com.br\/index.php?rest_route=\/wp\/v2\/types\/post"}],"author":[{"embeddable":true,"href":"https:\/\/gpaq.com.br\/index.php?rest_route=\/wp\/v2\/users\/4"}],"replies":[{"embeddable":true,"href":"https:\/\/gpaq.com.br\/index.php?rest_route=%2Fwp%2Fv2%2Fcomments&post=1933"}],"version-history":[{"count":0,"href":"https:\/\/gpaq.com.br\/index.php?rest_route=\/wp\/v2\/posts\/1933\/revisions"}],"wp:attachment":[{"href":"https:\/\/gpaq.com.br\/index.php?rest_route=%2Fwp%2Fv2%2Fmedia&parent=1933"}],"wp:term":[{"taxonomy":"category","embeddable":true,"href":"https:\/\/gpaq.com.br\/index.php?rest_route=%2Fwp%2Fv2%2Fcategories&post=1933"},{"taxonomy":"post_tag","embeddable":true,"href":"https:\/\/gpaq.com.br\/index.php?rest_route=%2Fwp%2Fv2%2Ftags&post=1933"}],"curies":[{"name":"wp","href":"https:\/\/api.w.org\/{rel}","templated":true}]}}