{"id":1931,"date":"2016-06-30T15:16:49","date_gmt":"2016-06-30T18:16:49","guid":{"rendered":"http:\/\/gpaq.com.br\/?p=1931"},"modified":"2016-11-01T15:36:28","modified_gmt":"2016-11-01T17:36:28","slug":"professores-da-educacao-fisica-ministram-cursos-de-ambiente-atividade-fisica-e-saude-na-ufsc","status":"publish","type":"post","link":"https:\/\/gpaq.com.br\/?p=1931","title":{"rendered":"Professores da Educa\u00e7\u00e3o F\u00edsica ministram cursos de Ambiente, Atividade F\u00edsica e Sa\u00fade na UFSC."},"content":{"rendered":"<p>Nesta \u00faltima sexta-feira (10) os professores ADALBERTO LOPES e CLAUDIA ALBERICO estiveram na Universidade Federal de Santa Catarina &#8211; UFSC, em Florian\u00f3polis, para ministrar dois cursos &#8220;Geoprocessamento aplicado a \u00e1rea da sa\u00fade\u201d e &#8220;Avalia\u00e7\u00e3o da atividade f\u00edsica atrav\u00e9s de acelerometria\u201d.<\/p>\n<p>O evento que contou com participa\u00e7\u00e3o de alunos de Mestrado e Doutorado em diversas \u00e1reas da sa\u00fade, foi organizado pelos professores Cassiano Ricardo Rech, Sofia Walker Manta e L\u00facia Midori do NUPAF \u2013 N\u00facleo de Pesquisa em Atividade F\u00edsica e Sa\u00fade em parceria com CDS &#8211; Centro de Desportos (<a href=\"http:\/\/portalcds.ufsc.br\">http:\/\/portalcds.ufsc.br<\/a>) e o PPGEF &#8211; Programa de P\u00f3s-Gradua\u00e7\u00e3o em Educa\u00e7\u00e3o F\u00edsica da UFSC (<a href=\"http:\/\/ppgef.ufsc.br\">http:\/\/ppgef.ufsc.br<\/a>). A s\u00e9rie de cursos teve como intuito a capacita\u00e7\u00e3o e aperfei\u00e7oamento das t\u00e9cnicas mais emergentes de SIG &#8211; Sistema de Informa\u00e7\u00e3o Geogr\u00e1fico para avalia\u00e7\u00e3o do ambiente urbano e Acelerometria, m\u00e9todo internacionalmente reconhecido como padr\u00e3o de mensura\u00e7\u00e3o da Atividade F\u00edsica.<\/p>\n","protected":false},"excerpt":{"rendered":"<p>Nesta \u00faltima sexta-feira (10) os professores ADALBERTO LOPES e CLAUDIA ALBERICO estiveram na Universidade Federal de Santa Catarina &#8211; UFSC, em Florian\u00f3polis, para ministrar dois cursos &#8220;Geoprocessamento aplicado a \u00e1rea da sa\u00fade\u201d e &#8220;Avalia\u00e7\u00e3o da atividade f\u00edsica atrav\u00e9s de acelerometria\u201d. O evento que contou com participa\u00e7\u00e3o de alunos de Mestrado e Doutorado em diversas \u00e1reas [&hellip;]<\/p>\n","protected":false},"author":4,"featured_media":0,"comment_status":"open","ping_status":"open","sticky":false,"template":"","format":"standard","meta":{"_et_pb_use_builder":"","_et_pb_old_content":"","footnotes":""},"categories":[23],"tags":[],"class_list":["post-1931","post","type-post","status-publish","format-standard","hentry","category-noticias"],"_links":{"self":[{"href":"https:\/\/gpaq.com.br\/index.php?rest_route=\/wp\/v2\/posts\/1931","targetHints":{"allow":["GET"]}}],"collection":[{"href":"https:\/\/gpaq.com.br\/index.php?rest_route=\/wp\/v2\/posts"}],"about":[{"href":"https:\/\/gpaq.com.br\/index.php?rest_route=\/wp\/v2\/types\/post"}],"author":[{"embeddable":true,"href":"https:\/\/gpaq.com.br\/index.php?rest_route=\/wp\/v2\/users\/4"}],"replies":[{"embeddable":true,"href":"https:\/\/gpaq.com.br\/index.php?rest_route=%2Fwp%2Fv2%2Fcomments&post=1931"}],"version-history":[{"count":0,"href":"https:\/\/gpaq.com.br\/index.php?rest_route=\/wp\/v2\/posts\/1931\/revisions"}],"wp:attachment":[{"href":"https:\/\/gpaq.com.br\/index.php?rest_route=%2Fwp%2Fv2%2Fmedia&parent=1931"}],"wp:term":[{"taxonomy":"category","embeddable":true,"href":"https:\/\/gpaq.com.br\/index.php?rest_route=%2Fwp%2Fv2%2Fcategories&post=1931"},{"taxonomy":"post_tag","embeddable":true,"href":"https:\/\/gpaq.com.br\/index.php?rest_route=%2Fwp%2Fv2%2Ftags&post=1931"}],"curies":[{"name":"wp","href":"https:\/\/api.w.org\/{rel}","templated":true}]}}