{"id":1849,"date":"2016-03-01T12:41:31","date_gmt":"2016-03-01T15:41:31","guid":{"rendered":"http:\/\/gpaq.com.br\/?p=1849"},"modified":"2016-10-24T12:42:41","modified_gmt":"2016-10-24T14:42:41","slug":"prof-leonardo-becker-e-aprovado-na-residencia-multiprofissional","status":"publish","type":"post","link":"https:\/\/gpaq.com.br\/?p=1849","title":{"rendered":"Prof.Leonardo Becker \u00e9 aprovado na Resid\u00eancia Multiprofissional"},"content":{"rendered":"<p>Prof.Me.Leonardo Becker foi aprovado na Resid\u00eancia Multiprofissional em Sa\u00fade do Idoso, na Santa Casa.<\/p>\n<p>A PUCPR, juntamente com a Santa Casa de Curitiba, possui\u00a0o projeto de Resid\u00eancia Multiprofissional aprovado pelo Minist\u00e9rio da Sa\u00fade e Minist\u00e9rio da Educa\u00e7\u00e3o. O projeto \u00e9 sobre Sa\u00fade do Idoso e contempla oito cursos de Gradua\u00e7\u00e3o: Odontologia, Fisioterapia, Psicologia, Farm\u00e1cia, Enfermagem, Educa\u00e7\u00e3o F\u00edsica, Servi\u00e7o Social e Nutri\u00e7\u00e3o. No Paran\u00e1, a PUCPR \u00e9 a \u00fanica Universidade privada que teve o projeto aprovado pela comiss\u00e3o de avalia\u00e7\u00e3o.<\/p>\n<p>A resid\u00eancia tem dura\u00e7\u00e3o de dois anos. Os participantes\u00a0recebem bolsa e tem aulas e pr\u00e1tica profissional com a supervis\u00e3o de preceptores. As atividades s\u00e3o\u00a0desenvolvidas na Santa Casa de Curitiba. Com a conclus\u00e3o da resid\u00eancia, o profissional recebe o t\u00edtulo de especialista em Sa\u00fade de Idoso.<\/p>\n<p>Leonardo \u00e9 bacharel em educa\u00e7\u00e3o f\u00edsica pela PUCPR, mestre em educa\u00e7\u00e3o f\u00edsica pela UFPR e integrante do grupo de pesquisa GPAQ.<\/p>\n<p>&nbsp;<\/p>\n","protected":false},"excerpt":{"rendered":"<p>Prof.Me.Leonardo Becker foi aprovado na Resid\u00eancia Multiprofissional em Sa\u00fade do Idoso, na Santa Casa. A PUCPR, juntamente com a Santa Casa de Curitiba, possui\u00a0o projeto de Resid\u00eancia Multiprofissional aprovado pelo Minist\u00e9rio da Sa\u00fade e Minist\u00e9rio da Educa\u00e7\u00e3o. O projeto \u00e9 sobre Sa\u00fade do Idoso e contempla oito cursos de Gradua\u00e7\u00e3o: Odontologia, Fisioterapia, Psicologia, Farm\u00e1cia, Enfermagem, [&hellip;]<\/p>\n","protected":false},"author":4,"featured_media":0,"comment_status":"closed","ping_status":"closed","sticky":false,"template":"","format":"standard","meta":{"_et_pb_use_builder":"","_et_pb_old_content":"","footnotes":""},"categories":[23],"tags":[],"class_list":["post-1849","post","type-post","status-publish","format-standard","hentry","category-noticias"],"_links":{"self":[{"href":"https:\/\/gpaq.com.br\/index.php?rest_route=\/wp\/v2\/posts\/1849","targetHints":{"allow":["GET"]}}],"collection":[{"href":"https:\/\/gpaq.com.br\/index.php?rest_route=\/wp\/v2\/posts"}],"about":[{"href":"https:\/\/gpaq.com.br\/index.php?rest_route=\/wp\/v2\/types\/post"}],"author":[{"embeddable":true,"href":"https:\/\/gpaq.com.br\/index.php?rest_route=\/wp\/v2\/users\/4"}],"replies":[{"embeddable":true,"href":"https:\/\/gpaq.com.br\/index.php?rest_route=%2Fwp%2Fv2%2Fcomments&post=1849"}],"version-history":[{"count":0,"href":"https:\/\/gpaq.com.br\/index.php?rest_route=\/wp\/v2\/posts\/1849\/revisions"}],"wp:attachment":[{"href":"https:\/\/gpaq.com.br\/index.php?rest_route=%2Fwp%2Fv2%2Fmedia&parent=1849"}],"wp:term":[{"taxonomy":"category","embeddable":true,"href":"https:\/\/gpaq.com.br\/index.php?rest_route=%2Fwp%2Fv2%2Fcategories&post=1849"},{"taxonomy":"post_tag","embeddable":true,"href":"https:\/\/gpaq.com.br\/index.php?rest_route=%2Fwp%2Fv2%2Ftags&post=1849"}],"curies":[{"name":"wp","href":"https:\/\/api.w.org\/{rel}","templated":true}]}}